{"id":1079,"date":"2024-07-21T17:33:29","date_gmt":"2024-07-21T15:33:29","guid":{"rendered":"https:\/\/www.quantumleap-ip.com\/a-n-d-e-in-senato-una-giornata-dedicata-allintelligenza-artificiale-5-0\/"},"modified":"2024-07-21T17:33:29","modified_gmt":"2024-07-21T15:33:29","slug":"a-n-d-e-in-senato-una-giornata-dedicata-allintelligenza-artificiale-5-0","status":"publish","type":"post","link":"https:\/\/www.quantumleap-ip.com\/en\/a-n-d-e-in-senato-una-giornata-dedicata-allintelligenza-artificiale-5-0\/","title":{"rendered":"A.N.D.E.: In senato una giornata dedicata all\u2019intelligenza artificiale 5.0"},"content":{"rendered":"<div class=\"wpb-content-wrapper\">[vc_row full_width=&#8221;stretch_row&#8221; content_placement=&#8221;middle&#8221; css=&#8221;.vc_custom_1717475400092{background-color: #242b42 !important;}&#8221; el_class=&#8221;ptm50 pbm70 ptd40 pbd75&#8243;][vc_column][vc_row_inner content_placement=&#8221;middle&#8221; el_class=&#8221;row-blu_section_home&#8221;][vc_column_inner el_class=&#8221;mtd60 pld100 gray_line_blu_section&#8221; width=&#8221;1\/2&#8243;]<style>.vcex-page-title.vcex_6a9bc93c16d35 .vcex-page-title__heading{color:#ffffff;font-size:70px;font-weight:300;line-height:110%;}@media (max-width:1024px){.vcex-page-title.vcex_6a9bc93c16d35 .vcex-page-title__heading{font-size:60px;}}@media (max-width:959px){.vcex-page-title.vcex_6a9bc93c16d35 .vcex-page-title__heading{font-size:50px;}}@media (max-width:767px){.vcex-page-title.vcex_6a9bc93c16d35 .vcex-page-title__heading{font-size:40px;}}@media (max-width:479px){.vcex-page-title.vcex_6a9bc93c16d35 .vcex-page-title__heading{font-size:30px;}}<\/style><div class=\"vcex-page-title vcex-module vcex_6a9bc93c16d35\"><h1 class=\"vcex-page-title__heading wpex-heading wpex-text-3xl\"><span class=\"vcex-page-title__text\">A.N.D.E.: In senato una giornata dedicata all\u2019intelligenza artificiale 5.0<\/span><\/h1><\/div>[\/vc_column_inner][vc_column_inner el_class=&#8221;pld30&#8243; width=&#8221;1\/2&#8243;][vc_column_text css=&#8221;&#8221; color=&#8221;#ffffff&#8221; el_class=&#8221;mtd60 mtm40&#8243;]<span style=\"font-weight: 400;\">Quali saranno i principali nodi etici e normativi dell\u2019AI? E quale sar\u00e0 l\u2019impatto dell\u2019intelligenza generativa da un punto di vista socio-economico? Sono queste alcune delle principali domande che hanno tracciato la giornata di lavori organizzata dall\u2019Associazione Nazionale Donne Elettrici (ANDE), sul tema Intelligenza Artificiale 5.0, che si \u00e8 tenuta il 16 febbraio alle ore 9:30, presso la Sala Koch del Senato della Repubblica (Palazzo Madama, Piazza Madama &#8211; Roma).<\/span>[\/vc_column_text][\/vc_column_inner][\/vc_row_inner][\/vc_column][\/vc_row][vc_row el_class=&#8221;mtd50 mtm70 plrm5&#8243;][vc_column][vc_column_text css=&#8221;&#8221; color=&#8221;#242b42&#8243; font_weight=&#8221;400&#8243;]Quando parliamo di Intelligenza Artificiale (IA), in qualsiasi contesto aziendale, sociale, pubblico e privato, di fatto parliamo di antropologia digitale. E nel farlo ci chiediamo come e quando la prima, l\u2019IA, sar\u00e0 mai in grado di incidere sulla seconda, l\u2019antropologia dell\u2019epoca digitale, nel suo essere capace di superare l\u2019intelligenza propria dell\u2019uomo.<br \/>\nDurante la giornata \u00e8 stato aperto un profondo spazio di riflessione sia personale che collettivo sul ruolo dell\u2019uomo nella propria relazione con la trasformazione tecnologica in atto, sulle scelte d\u2019uso della tecnologia odierna e, soprattutto, nella progettazione di quelle del futuro; si \u00e8 spaziato dall\u2019etica, alla filosofia, alla medicina sino ad arrivare al diritto e alla tecnologia: infatti, \u00e8 solo attraverso un approccio multidisciplinare \u2013 e che tiene conto della complessit\u00e0 umana \u2013 che possiamo risolvere alcune delle questioni pi\u00f9 complesse del nostro tempo.<\/p>\n<p>L\u2019evento ha visto la partecipazione di rappresentanti istituzionali, imprenditori, professionisti ed esperti del settore; la giornata moderata da Emilia Garito, CEO di Quantum Leap &#8211; societ\u00e0 di Trasferimento tecnologico e Open innovation &#8211; \u00e8 stata aperta con i saluti istituzionali del Sen. Pier Ferdinando Casini, Sen. Anna Rossomando e da Marisa Fag\u00e0, Presidente di A.N.D.E.<\/p>\n<p>Durante il primo panel IA e il suo impatto, con Padre Paolo Benanti[1] ci si \u00e8 chiesto quale sar\u00e0 il ruolo dell\u2019approccio etico rispetto alle trasformazioni in atto e quello dell&#8217;etica della tecnologia in questo viaggio inesorabile, in cui non possiamo tirarci indietro. Massimo Chiriatti[2] ha affrontato il ruolo dell\u2019uomo in questa evoluzione esponenziale, focalizzandosi su un aspetto cruciale: l\u2019importanza di selezionare con cura i dati forniti all\u2019AI per evitare di amplificare distorsioni, disparit\u00e0 di diritti e disuguaglianze di genere. Patrizia Ferro[3] ha richiamato la necessit\u00e0 di stabilire delle norme e delle leggi di regolamentazione ma soprattutto si \u00e8 focalizzata sulla necessit\u00e0 di ridefinire uno spirito critico rispetto a questa tecnologia che faccia da guida, soprattutto, alle future generazioni. Massimo Sterpi[4] ha affrontato il tema legato alle sfide legali in atto, in particolare in merito all\u2019IP e al copyright e a una delle domande cruciali in ambito giuridico: la creativit\u00e0 dell&#8217;ai \u00e8 tutelabile dal diritto d&#8217;autore?<\/p>\n<p>Durante il secondo panel Chiara Celsi[5] ha parlato di alcuni esempi applicativi dell\u2019AI in azienda per un miglioramento dei processi, lasciando sempre all\u2019interno delle dinamiche decisionali e creative l\u2019ultimo miglio l&#8217;intelligenza umana, e della necessit\u00e0 di una sostenibilit\u00e0 ambientale, etica e sociale in questa trasformazione. Sul fronte dei paradigmi applicativi: Max Lenarciak[6] ha parlato delle applicazioni di algoritmi di AI per la rilevazione degli incendi boschivi e la previsione di propagazione nel territorio. Stefania Alfieri ha, infine, affrontato il tema nel settore sanitario e della diagnostica per immagini, sottolineando quanto la tecnologia e l\u2019AI possano ricoprire un ruolo cruciale nelle prevenzione e nelle diagnosi precoci, ad esempio in ambito oncologico, nell\u2019emodinamico cardiologica e nel settore urologico, con risvolti positivi senza precedenti per la salute dell\u2019essere umano.<\/p>\n<p><em><strong>MEDIA<\/strong><br \/>\n<\/em><a href=\"https:\/\/www.mediakey.tv\/leggi-news\/ande-in-senato-una-giornata-dedicata-allintelligenza-artificiale-50\" target=\"_blank\" rel=\"noopener\">Mediakey<\/a><br \/>\n<a href=\"https:\/\/www.bitmat.it\/tecnologie\/intelligenza-artificiale\/in-senato-una-giornata-dedicata-allintelligenza-artificiale-5-0\/\" target=\"_blank\" rel=\"noopener\">Bitmat<\/a><br \/>\n<a href=\"https:\/\/www.innovazionepa.soiel.it\/la-giornata-organizzata-dallassociazione-nazionale-donne-elettrici-a-n-d-e-sul-tema-intelligenza-artificiale-5-0-al-senato-della-repubblica\/\" target=\"_blank\" rel=\"noopener\">Innovazione PA<\/a><br \/>\n<a href=\"https:\/\/www.affaritaliani.it\/ande-in-senato-una-giornata-dedicata-all-intelligenza-artificiale-50-903473.html\" target=\"_blank\" rel=\"noopener\">Affari Italiani<\/a><br \/>\n<a href=\"https:\/\/www.datamagazine.it\/2024\/02\/27\/a-n-d-e-in-senato-una-giornata-dedicata-allintelligenza-artificiale\/\" target=\"_blank\" rel=\"noopener\">Data Magazine<\/a>[\/vc_column_text][\/vc_column][\/vc_row]\n<\/div>","protected":false},"excerpt":{"rendered":"<p>[vc_row full_width=&#8221;stretch_row&#8221; content_placement=&#8221;middle&#8221; css=&#8221;.vc_custom_1717475400092{background-color: #242b42 !important;}&#8221; el_class=&#8221;ptm50 pbm70 ptd40 pbd75&#8243;][vc_column][vc_row_inner content_placement=&#8221;middle&#8221; el_class=&#8221;row-blu_section_home&#8221;][vc_column_inner el_class=&#8221;mtd60 pld100 gray_line_blu_section&#8221; width=&#8221;1\/2&#8243;][\/vc_column_inner][vc_column_inner el_class=&#8221;pld30&#8243; width=&#8221;1\/2&#8243;][vc_column_text css=&#8221;&#8221; color=&#8221;#ffffff&#8221; el_class=&#8221;mtd60 mtm40&#8243;]Quali saranno i principali nodi etici e normativi dell\u2019AI? E quale sar\u00e0 l\u2019impatto dell\u2019intelligenza generativa da un punto di vista socio-economico? Sono queste alcune delle principali domande che hanno tracciato la giornata di lavori&hellip;<\/p>\n","protected":false},"author":5,"featured_media":933,"comment_status":"closed","ping_status":"closed","sticky":false,"template":"","format":"standard","meta":{"inline_featured_image":false,"footnotes":""},"categories":[23],"tags":[],"post_series":[],"class_list":["post-1079","post","type-post","status-publish","format-standard","has-post-thumbnail","hentry","category-news-en","entry","has-media"],"yoast_head":"<!-- This site is optimized with the Yoast SEO plugin v28.4 - https:\/\/yoast.com\/product\/yoast-seo-wordpress\/ -->\n<title>A.N.D.E.: In senato una giornata dedicata all\u2019intelligenza artificiale 5.0 - Quantum Leap<\/title>\n<meta name=\"robots\" content=\"index, follow, max-snippet:-1, max-image-preview:large, max-video-preview:-1\" \/>\n<link rel=\"canonical\" href=\"https:\/\/www.quantumleap-ip.com\/en\/a-n-d-e-in-senato-una-giornata-dedicata-allintelligenza-artificiale-5-0\/\" \/>\n<meta property=\"og:locale\" content=\"en_US\" \/>\n<meta property=\"og:type\" content=\"article\" \/>\n<meta property=\"og:title\" content=\"A.N.D.E.: In senato una giornata dedicata all\u2019intelligenza artificiale 5.0 - Quantum Leap\" \/>\n<meta property=\"og:description\" content=\"[vc_row full_width=&#8221;stretch_row&#8221; content_placement=&#8221;middle&#8221; css=&#8221;.vc_custom_1717475400092{background-color: #242b42 !important;}&#8221; el_class=&#8221;ptm50 pbm70 ptd40 pbd75&#8243;][vc_column][vc_row_inner content_placement=&#8221;middle&#8221; el_class=&#8221;row-blu_section_home&#8221;][vc_column_inner el_class=&#8221;mtd60 pld100 gray_line_blu_section&#8221; width=&#8221;1\/2&#8243;][\/vc_column_inner][vc_column_inner el_class=&#8221;pld30&#8243; width=&#8221;1\/2&#8243;][vc_column_text css=&#8221;&#8221; color=&#8221;#ffffff&#8221; el_class=&#8221;mtd60 mtm40&#8243;]Quali saranno i principali nodi etici e normativi dell\u2019AI? E quale sar\u00e0 l\u2019impatto dell\u2019intelligenza generativa da un punto di vista socio-economico? Sono queste alcune delle principali domande che hanno tracciato la giornata di lavori&hellip;\" \/>\n<meta property=\"og:url\" content=\"https:\/\/www.quantumleap-ip.com\/en\/a-n-d-e-in-senato-una-giornata-dedicata-allintelligenza-artificiale-5-0\/\" \/>\n<meta property=\"og:site_name\" content=\"Quantum Leap\" \/>\n<meta property=\"article:published_time\" content=\"2024-07-21T15:33:29+00:00\" \/>\n<meta name=\"author\" content=\"Fabrizio Bacchini\" \/>\n<meta name=\"twitter:card\" content=\"summary_large_image\" \/>\n<meta name=\"twitter:label1\" content=\"Written by\" \/>\n\t<meta name=\"twitter:data1\" content=\"Fabrizio Bacchini\" \/>\n\t<meta name=\"twitter:label2\" content=\"Est. reading time\" \/>\n\t<meta name=\"twitter:data2\" content=\"3 minutes\" \/>\n<script type=\"application\/ld+json\" class=\"yoast-schema-graph\">{\"@context\":\"https:\\\/\\\/schema.org\",\"@graph\":[{\"@type\":\"Article\",\"@id\":\"https:\\\/\\\/www.quantumleap-ip.com\\\/en\\\/a-n-d-e-in-senato-una-giornata-dedicata-allintelligenza-artificiale-5-0\\\/#article\",\"isPartOf\":{\"@id\":\"https:\\\/\\\/www.quantumleap-ip.com\\\/en\\\/a-n-d-e-in-senato-una-giornata-dedicata-allintelligenza-artificiale-5-0\\\/\"},\"author\":{\"name\":\"Fabrizio Bacchini\",\"@id\":\"https:\\\/\\\/www.quantumleap-ip.com\\\/en\\\/#\\\/schema\\\/person\\\/f198cc559ef6aede5b2b04653286d877\"},\"headline\":\"A.N.D.E.: In senato una giornata dedicata all\u2019intelligenza artificiale 5.0\",\"datePublished\":\"2024-07-21T15:33:29+00:00\",\"mainEntityOfPage\":{\"@id\":\"https:\\\/\\\/www.quantumleap-ip.com\\\/en\\\/a-n-d-e-in-senato-una-giornata-dedicata-allintelligenza-artificiale-5-0\\\/\"},\"wordCount\":699,\"publisher\":{\"@id\":\"https:\\\/\\\/www.quantumleap-ip.com\\\/en\\\/#organization\"},\"image\":{\"@id\":\"https:\\\/\\\/www.quantumleap-ip.com\\\/en\\\/a-n-d-e-in-senato-una-giornata-dedicata-allintelligenza-artificiale-5-0\\\/#primaryimage\"},\"thumbnailUrl\":\"https:\\\/\\\/www.quantumleap-ip.com\\\/wp-content\\\/uploads\\\/2024\\\/07\\\/33993-33995-c09b54f0.jpg\",\"articleSection\":[\"News\"],\"inLanguage\":\"en-US\"},{\"@type\":\"WebPage\",\"@id\":\"https:\\\/\\\/www.quantumleap-ip.com\\\/en\\\/a-n-d-e-in-senato-una-giornata-dedicata-allintelligenza-artificiale-5-0\\\/\",\"url\":\"https:\\\/\\\/www.quantumleap-ip.com\\\/en\\\/a-n-d-e-in-senato-una-giornata-dedicata-allintelligenza-artificiale-5-0\\\/\",\"name\":\"A.N.D.E.: In senato una giornata dedicata all\u2019intelligenza artificiale 5.0 - Quantum Leap\",\"isPartOf\":{\"@id\":\"https:\\\/\\\/www.quantumleap-ip.com\\\/en\\\/#website\"},\"primaryImageOfPage\":{\"@id\":\"https:\\\/\\\/www.quantumleap-ip.com\\\/en\\\/a-n-d-e-in-senato-una-giornata-dedicata-allintelligenza-artificiale-5-0\\\/#primaryimage\"},\"image\":{\"@id\":\"https:\\\/\\\/www.quantumleap-ip.com\\\/en\\\/a-n-d-e-in-senato-una-giornata-dedicata-allintelligenza-artificiale-5-0\\\/#primaryimage\"},\"thumbnailUrl\":\"https:\\\/\\\/www.quantumleap-ip.com\\\/wp-content\\\/uploads\\\/2024\\\/07\\\/33993-33995-c09b54f0.jpg\",\"datePublished\":\"2024-07-21T15:33:29+00:00\",\"breadcrumb\":{\"@id\":\"https:\\\/\\\/www.quantumleap-ip.com\\\/en\\\/a-n-d-e-in-senato-una-giornata-dedicata-allintelligenza-artificiale-5-0\\\/#breadcrumb\"},\"inLanguage\":\"en-US\",\"potentialAction\":[{\"@type\":\"ReadAction\",\"target\":[\"https:\\\/\\\/www.quantumleap-ip.com\\\/en\\\/a-n-d-e-in-senato-una-giornata-dedicata-allintelligenza-artificiale-5-0\\\/\"]}]},{\"@type\":\"ImageObject\",\"inLanguage\":\"en-US\",\"@id\":\"https:\\\/\\\/www.quantumleap-ip.com\\\/en\\\/a-n-d-e-in-senato-una-giornata-dedicata-allintelligenza-artificiale-5-0\\\/#primaryimage\",\"url\":\"https:\\\/\\\/www.quantumleap-ip.com\\\/wp-content\\\/uploads\\\/2024\\\/07\\\/33993-33995-c09b54f0.jpg\",\"contentUrl\":\"https:\\\/\\\/www.quantumleap-ip.com\\\/wp-content\\\/uploads\\\/2024\\\/07\\\/33993-33995-c09b54f0.jpg\",\"width\":1920,\"height\":1080},{\"@type\":\"BreadcrumbList\",\"@id\":\"https:\\\/\\\/www.quantumleap-ip.com\\\/en\\\/a-n-d-e-in-senato-una-giornata-dedicata-allintelligenza-artificiale-5-0\\\/#breadcrumb\",\"itemListElement\":[{\"@type\":\"ListItem\",\"position\":1,\"name\":\"Home\",\"item\":\"https:\\\/\\\/www.quantumleap-ip.com\\\/en\\\/\"},{\"@type\":\"ListItem\",\"position\":2,\"name\":\"A.N.D.E.: In senato una giornata dedicata all\u2019intelligenza artificiale 5.0\"}]},{\"@type\":\"WebSite\",\"@id\":\"https:\\\/\\\/www.quantumleap-ip.com\\\/en\\\/#website\",\"url\":\"https:\\\/\\\/www.quantumleap-ip.com\\\/en\\\/\",\"name\":\"Quantum Leap\",\"description\":\"\",\"publisher\":{\"@id\":\"https:\\\/\\\/www.quantumleap-ip.com\\\/en\\\/#organization\"},\"potentialAction\":[{\"@type\":\"SearchAction\",\"target\":{\"@type\":\"EntryPoint\",\"urlTemplate\":\"https:\\\/\\\/www.quantumleap-ip.com\\\/en\\\/?s={search_term_string}\"},\"query-input\":{\"@type\":\"PropertyValueSpecification\",\"valueRequired\":true,\"valueName\":\"search_term_string\"}}],\"inLanguage\":\"en-US\"},{\"@type\":\"Organization\",\"@id\":\"https:\\\/\\\/www.quantumleap-ip.com\\\/en\\\/#organization\",\"name\":\"Quantum Leap\",\"url\":\"https:\\\/\\\/www.quantumleap-ip.com\\\/en\\\/\",\"logo\":{\"@type\":\"ImageObject\",\"inLanguage\":\"en-US\",\"@id\":\"https:\\\/\\\/www.quantumleap-ip.com\\\/en\\\/#\\\/schema\\\/logo\\\/image\\\/\",\"url\":\"https:\\\/\\\/www.quantumleap-ip.com\\\/wp-content\\\/uploads\\\/2024\\\/06\\\/ql_logo_colori.svg\",\"contentUrl\":\"https:\\\/\\\/www.quantumleap-ip.com\\\/wp-content\\\/uploads\\\/2024\\\/06\\\/ql_logo_colori.svg\",\"caption\":\"Quantum Leap\"},\"image\":{\"@id\":\"https:\\\/\\\/www.quantumleap-ip.com\\\/en\\\/#\\\/schema\\\/logo\\\/image\\\/\"}},{\"@type\":\"Person\",\"@id\":\"https:\\\/\\\/www.quantumleap-ip.com\\\/en\\\/#\\\/schema\\\/person\\\/f198cc559ef6aede5b2b04653286d877\",\"name\":\"Fabrizio Bacchini\",\"url\":\"https:\\\/\\\/www.quantumleap-ip.com\\\/en\\\/author\\\/fabrizio-bacchinisynapsy-events\\\/\"}]}<\/script>\n<!-- \/ Yoast SEO plugin. -->","yoast_head_json":{"title":"A.N.D.E.: In senato una giornata dedicata all\u2019intelligenza artificiale 5.0 - Quantum Leap","robots":{"index":"index","follow":"follow","max-snippet":"max-snippet:-1","max-image-preview":"max-image-preview:large","max-video-preview":"max-video-preview:-1"},"canonical":"https:\/\/www.quantumleap-ip.com\/en\/a-n-d-e-in-senato-una-giornata-dedicata-allintelligenza-artificiale-5-0\/","og_locale":"en_US","og_type":"article","og_title":"A.N.D.E.: In senato una giornata dedicata all\u2019intelligenza artificiale 5.0 - Quantum Leap","og_description":"[vc_row full_width=&#8221;stretch_row&#8221; content_placement=&#8221;middle&#8221; css=&#8221;.vc_custom_1717475400092{background-color: #242b42 !important;}&#8221; el_class=&#8221;ptm50 pbm70 ptd40 pbd75&#8243;][vc_column][vc_row_inner content_placement=&#8221;middle&#8221; el_class=&#8221;row-blu_section_home&#8221;][vc_column_inner el_class=&#8221;mtd60 pld100 gray_line_blu_section&#8221; width=&#8221;1\/2&#8243;][\/vc_column_inner][vc_column_inner el_class=&#8221;pld30&#8243; width=&#8221;1\/2&#8243;][vc_column_text css=&#8221;&#8221; color=&#8221;#ffffff&#8221; el_class=&#8221;mtd60 mtm40&#8243;]Quali saranno i principali nodi etici e normativi dell\u2019AI? E quale sar\u00e0 l\u2019impatto dell\u2019intelligenza generativa da un punto di vista socio-economico? Sono queste alcune delle principali domande che hanno tracciato la giornata di lavori&hellip;","og_url":"https:\/\/www.quantumleap-ip.com\/en\/a-n-d-e-in-senato-una-giornata-dedicata-allintelligenza-artificiale-5-0\/","og_site_name":"Quantum Leap","article_published_time":"2024-07-21T15:33:29+00:00","author":"Fabrizio Bacchini","twitter_card":"summary_large_image","twitter_misc":{"Written by":"Fabrizio Bacchini","Est. reading time":"3 minutes"},"schema":{"@context":"https:\/\/schema.org","@graph":[{"@type":"Article","@id":"https:\/\/www.quantumleap-ip.com\/en\/a-n-d-e-in-senato-una-giornata-dedicata-allintelligenza-artificiale-5-0\/#article","isPartOf":{"@id":"https:\/\/www.quantumleap-ip.com\/en\/a-n-d-e-in-senato-una-giornata-dedicata-allintelligenza-artificiale-5-0\/"},"author":{"name":"Fabrizio Bacchini","@id":"https:\/\/www.quantumleap-ip.com\/en\/#\/schema\/person\/f198cc559ef6aede5b2b04653286d877"},"headline":"A.N.D.E.: In senato una giornata dedicata all\u2019intelligenza artificiale 5.0","datePublished":"2024-07-21T15:33:29+00:00","mainEntityOfPage":{"@id":"https:\/\/www.quantumleap-ip.com\/en\/a-n-d-e-in-senato-una-giornata-dedicata-allintelligenza-artificiale-5-0\/"},"wordCount":699,"publisher":{"@id":"https:\/\/www.quantumleap-ip.com\/en\/#organization"},"image":{"@id":"https:\/\/www.quantumleap-ip.com\/en\/a-n-d-e-in-senato-una-giornata-dedicata-allintelligenza-artificiale-5-0\/#primaryimage"},"thumbnailUrl":"https:\/\/www.quantumleap-ip.com\/wp-content\/uploads\/2024\/07\/33993-33995-c09b54f0.jpg","articleSection":["News"],"inLanguage":"en-US"},{"@type":"WebPage","@id":"https:\/\/www.quantumleap-ip.com\/en\/a-n-d-e-in-senato-una-giornata-dedicata-allintelligenza-artificiale-5-0\/","url":"https:\/\/www.quantumleap-ip.com\/en\/a-n-d-e-in-senato-una-giornata-dedicata-allintelligenza-artificiale-5-0\/","name":"A.N.D.E.: In senato una giornata dedicata all\u2019intelligenza artificiale 5.0 - Quantum Leap","isPartOf":{"@id":"https:\/\/www.quantumleap-ip.com\/en\/#website"},"primaryImageOfPage":{"@id":"https:\/\/www.quantumleap-ip.com\/en\/a-n-d-e-in-senato-una-giornata-dedicata-allintelligenza-artificiale-5-0\/#primaryimage"},"image":{"@id":"https:\/\/www.quantumleap-ip.com\/en\/a-n-d-e-in-senato-una-giornata-dedicata-allintelligenza-artificiale-5-0\/#primaryimage"},"thumbnailUrl":"https:\/\/www.quantumleap-ip.com\/wp-content\/uploads\/2024\/07\/33993-33995-c09b54f0.jpg","datePublished":"2024-07-21T15:33:29+00:00","breadcrumb":{"@id":"https:\/\/www.quantumleap-ip.com\/en\/a-n-d-e-in-senato-una-giornata-dedicata-allintelligenza-artificiale-5-0\/#breadcrumb"},"inLanguage":"en-US","potentialAction":[{"@type":"ReadAction","target":["https:\/\/www.quantumleap-ip.com\/en\/a-n-d-e-in-senato-una-giornata-dedicata-allintelligenza-artificiale-5-0\/"]}]},{"@type":"ImageObject","inLanguage":"en-US","@id":"https:\/\/www.quantumleap-ip.com\/en\/a-n-d-e-in-senato-una-giornata-dedicata-allintelligenza-artificiale-5-0\/#primaryimage","url":"https:\/\/www.quantumleap-ip.com\/wp-content\/uploads\/2024\/07\/33993-33995-c09b54f0.jpg","contentUrl":"https:\/\/www.quantumleap-ip.com\/wp-content\/uploads\/2024\/07\/33993-33995-c09b54f0.jpg","width":1920,"height":1080},{"@type":"BreadcrumbList","@id":"https:\/\/www.quantumleap-ip.com\/en\/a-n-d-e-in-senato-una-giornata-dedicata-allintelligenza-artificiale-5-0\/#breadcrumb","itemListElement":[{"@type":"ListItem","position":1,"name":"Home","item":"https:\/\/www.quantumleap-ip.com\/en\/"},{"@type":"ListItem","position":2,"name":"A.N.D.E.: In senato una giornata dedicata all\u2019intelligenza artificiale 5.0"}]},{"@type":"WebSite","@id":"https:\/\/www.quantumleap-ip.com\/en\/#website","url":"https:\/\/www.quantumleap-ip.com\/en\/","name":"Quantum Leap","description":"","publisher":{"@id":"https:\/\/www.quantumleap-ip.com\/en\/#organization"},"potentialAction":[{"@type":"SearchAction","target":{"@type":"EntryPoint","urlTemplate":"https:\/\/www.quantumleap-ip.com\/en\/?s={search_term_string}"},"query-input":{"@type":"PropertyValueSpecification","valueRequired":true,"valueName":"search_term_string"}}],"inLanguage":"en-US"},{"@type":"Organization","@id":"https:\/\/www.quantumleap-ip.com\/en\/#organization","name":"Quantum Leap","url":"https:\/\/www.quantumleap-ip.com\/en\/","logo":{"@type":"ImageObject","inLanguage":"en-US","@id":"https:\/\/www.quantumleap-ip.com\/en\/#\/schema\/logo\/image\/","url":"https:\/\/www.quantumleap-ip.com\/wp-content\/uploads\/2024\/06\/ql_logo_colori.svg","contentUrl":"https:\/\/www.quantumleap-ip.com\/wp-content\/uploads\/2024\/06\/ql_logo_colori.svg","caption":"Quantum Leap"},"image":{"@id":"https:\/\/www.quantumleap-ip.com\/en\/#\/schema\/logo\/image\/"}},{"@type":"Person","@id":"https:\/\/www.quantumleap-ip.com\/en\/#\/schema\/person\/f198cc559ef6aede5b2b04653286d877","name":"Fabrizio Bacchini","url":"https:\/\/www.quantumleap-ip.com\/en\/author\/fabrizio-bacchinisynapsy-events\/"}]}},"_links":{"self":[{"href":"https:\/\/www.quantumleap-ip.com\/en\/wp-json\/wp\/v2\/posts\/1079","targetHints":{"allow":["GET"]}}],"collection":[{"href":"https:\/\/www.quantumleap-ip.com\/en\/wp-json\/wp\/v2\/posts"}],"about":[{"href":"https:\/\/www.quantumleap-ip.com\/en\/wp-json\/wp\/v2\/types\/post"}],"author":[{"embeddable":true,"href":"https:\/\/www.quantumleap-ip.com\/en\/wp-json\/wp\/v2\/users\/5"}],"replies":[{"embeddable":true,"href":"https:\/\/www.quantumleap-ip.com\/en\/wp-json\/wp\/v2\/comments?post=1079"}],"version-history":[{"count":0,"href":"https:\/\/www.quantumleap-ip.com\/en\/wp-json\/wp\/v2\/posts\/1079\/revisions"}],"wp:featuredmedia":[{"embeddable":true,"href":"https:\/\/www.quantumleap-ip.com\/en\/wp-json\/wp\/v2\/media\/933"}],"wp:attachment":[{"href":"https:\/\/www.quantumleap-ip.com\/en\/wp-json\/wp\/v2\/media?parent=1079"}],"wp:term":[{"taxonomy":"category","embeddable":true,"href":"https:\/\/www.quantumleap-ip.com\/en\/wp-json\/wp\/v2\/categories?post=1079"},{"taxonomy":"post_tag","embeddable":true,"href":"https:\/\/www.quantumleap-ip.com\/en\/wp-json\/wp\/v2\/tags?post=1079"},{"taxonomy":"post_series","embeddable":true,"href":"https:\/\/www.quantumleap-ip.com\/en\/wp-json\/wp\/v2\/post_series?post=1079"}],"curies":[{"name":"wp","href":"https:\/\/api.w.org\/{rel}","templated":true}]}}